{"id":1442,"date":"2019-05-28T13:42:17","date_gmt":"2019-05-28T11:42:17","guid":{"rendered":"http:\/\/gpuisegur.com\/?p=1442"},"modified":"2020-01-05T22:33:34","modified_gmt":"2020-01-05T21:33:34","slug":"numen-mindfulness-acceder-a-une-nouvelle-dimension-de-conscience-et-sinstaller-dans-la-paix-active","status":"publish","type":"post","link":"https:\/\/gpuisegur.com\/?p=1442","title":{"rendered":"Numen mindfulness : acc\u00e9der \u00e0 une nouvelle dimension de conscience et s\u2019installer dans la paix active"},"content":{"rendered":"\n<p class=\"wp-block-paragraph\"> Brest, samedi 20 juillet 2019, 14 \u00e0 16 h.<br>Atelier 3 du cycle <em><a href=\"\/?p=553\">Respirer pour se lib\u00e9rer du stress, accro\u00eetre la clart\u00e9 mentale et prendre des d\u00e9cisions \u00e9clair\u00e9es&nbsp;<\/a><\/em><\/p>\n\n\n\n<p class=\"wp-block-paragraph\">Lors\nde cet atelier d\u2019environ deux heures, nous d\u00e9couvrirons en quoi consiste la\nm\u00e9ditation de pleine conscience (<em>mindfulness<\/em>)\ndans l\u2019esprit du NUMEN et la mani\u00e8re dont sa pratique r\u00e9guli\u00e8re nous am\u00e8ne, \u00e0\npartir de notre corps, \u00e0 faire l\u2019exp\u00e9rience de l\u2019unit\u00e9 et \u00e0 transcender notre\nr\u00e9alit\u00e9 quotidienne.<\/p>\n\n\n\n<!--more-->\n\n\n\n<p class=\"wp-block-paragraph\">Notre\npratique conjuguera respiration, attention port\u00e9e \u00e0 nos ressentis corporels et\nvisualisations. En effectuant des basculements de notre regard, entre ce que\nnous consid\u00e9rons comme ext\u00e9rieur \u00e0 nous et notre int\u00e9riorit\u00e9, nous nous\nentra\u00eenerons \u00e0 d\u00e9velopper une vision et une compr\u00e9hension nouvelles, qui est\nque nous contenons l\u2019Univers tout entier*. Bas\u00e9e sur notre exp\u00e9rience\ncorporelle tr\u00e8s concr\u00e8te et simple, cette r\u00e9v\u00e9lation nous am\u00e8nera \u00e0 transcender\nnotre quotidien, \u00e0 d\u00e9velopper notre souverainet\u00e9 et notre pouvoir d\u2019influencer\nnotre r\u00e9alit\u00e9.<\/p>\n\n\n\n<p class=\"wp-block-paragraph\"><em>*S&rsquo;il est vrai que Tout est dans LE TOUT, il est \u00e9galement vrai que LE TOUT<\/em> <em>est dans Tout. Celui qui comprend parfaitement cette v\u00e9rit\u00e9 poss\u00e8de d\u00e9j\u00e0 un grand savoir. <\/em>Citation du Kybalion, Philosophie herm\u00e9tique, <a href=\"http:\/\/www.lesamisdhermes.com\/2018\/03\/phrases-cles-du-kybalion.html\" target=\"_blank\" rel=\"noreferrer noopener\" aria-label=\"source&nbsp;  (s\u2019ouvre dans un nouvel onglet)\">source&nbsp; <\/a><\/p>\n\n\n\n<p class=\"wp-block-paragraph\"><br> Cette v\u00e9rit\u00e9 est d\u00e9sormais \u00e9tablie par les r\u00e9cents d\u00e9veloppements de la science, notamment gr\u00e2ce aux travaux du physicien Nassim Haramein et ceux du biologiste Bruce Lipton. <br>Voir en particulier : <\/p>\n\n\n\n<figure class=\"wp-block-embed-youtube wp-block-embed is-type-video is-provider-youtube wp-embed-aspect-16-9 wp-has-aspect-ratio\"><div class=\"wp-block-embed__wrapper\">\n<iframe loading=\"lazy\" title=\"Nassim Haramein : L&#039;intelligence de l&#039;univers\" width=\"840\" height=\"473\" src=\"https:\/\/www.youtube.com\/embed\/qN1ZaFtIBuI?feature=oembed\" frameborder=\"0\" allow=\"accelerometer; autoplay; encrypted-media; gyroscope; picture-in-picture\" allowfullscreen><\/iframe>\n<\/div><\/figure>\n\n\n\n<p class=\"wp-block-paragraph\"><br> <a rel=\"noreferrer noopener\" aria-label=\"Article INREES  (s\u2019ouvre dans un nouvel onglet)\" href=\"https:\/\/www.inrees.com\/articles\/univers-connecte-conscience-nassim-haramein\/\" target=\"_blank\">Article INREES <\/a>et<br> <em>Biologie des croyances, comment affranchir la puissance de la conscience, de la mati\u00e8re et des miracles, <\/em>Bruce Lipton,<br> <\/p>\n\n\n\n<figure class=\"wp-block-embed-youtube wp-block-embed is-type-video is-provider-youtube wp-embed-aspect-16-9 wp-has-aspect-ratio\"><div class=\"wp-block-embed__wrapper\">\n<iframe loading=\"lazy\" title=\"Dr Bruce Lipton (en fran\u00e7ais) et Annie Laforest parlent d&#039;\u00e9pig\u00e9n\u00e9tique et de la nouvelle biologie\" width=\"840\" height=\"473\" src=\"https:\/\/www.youtube.com\/embed\/BPM2baHYTN0?feature=oembed\" frameborder=\"0\" allow=\"accelerometer; autoplay; encrypted-media; gyroscope; picture-in-picture\" allowfullscreen><\/iframe>\n<\/div><figcaption> interview de Conversation papillon   <\/figcaption><\/figure>\n\n\n\n<p class=\"wp-block-paragraph\"><strong>Note&nbsp;<\/strong>: La m\u00e9ditation de pleine conscience a \u00e9t\u00e9 popularis\u00e9e en Occident par <strong>Jon Kabat-Zinn <\/strong>comme technique destin\u00e9e \u00e0 aider les gens \u00e0 surmonter le stress, l&rsquo;anxi\u00e9t\u00e9, la douleur ou la maladie. Bien qu\u2019inspir\u00e9e de traditions spirituelles, notamment le bouddhisme, il s\u2019agit d\u2019une m\u00e9ditation la\u00efque dont les effets b\u00e9n\u00e9fiques sont tr\u00e8s largement document\u00e9s**.<\/p>\n\n\n\n<p class=\"wp-block-paragraph\">La\nNumen mindfulness va bien au-del\u00e0 de ces\nb\u00e9n\u00e9fices, d\u00e9j\u00e0 fort appr\u00e9ciables. Gr\u00e2ce \u00e0 notre prise de conscience intime de\nnotre unit\u00e9 avec le Tout, elle nous permet d\u2019acc\u00e9der \u00e0 l\u2019infini de tous les\npossibles et de choisir notre r\u00e9alit\u00e9. Sa pratique r\u00e9guli\u00e8re nous conduit sur\nun chemin de transformation profonde, o\u00f9 nous prenons en main les r\u00eanes de\nnotre \u00e9panouissement, en coop\u00e9ration harmonieuse et f\u00e9conde avec l\u2019Univers. <\/p>\n\n\n\n<p class=\"wp-block-paragraph\">**Voir&nbsp;notamment : <\/p>\n\n\n\n<p class=\"wp-block-paragraph\"><a rel=\"noreferrer noopener\" aria-label=\"Article sur les bienfaits de la m\u00e9ditation en pleine conscience  (s\u2019ouvre dans un nouvel onglet)\" href=\"http:\/\/www.prezence-mindfulness.fr\/Bienfaits-meditation-pleine-conscience.html\" target=\"_blank\">Article sur les bienfaits de la m\u00e9ditation en pleine conscience <\/a><\/p>\n\n\n\n<p class=\"wp-block-paragraph\"><a rel=\"noreferrer noopener\" aria-label=\"Biographie mindfulness (s\u2019ouvre dans un nouvel onglet)\" href=\"http:\/\/www.prezence-mindfulness.fr\/Bibliographie-livres-Mindfulness.html\" target=\"_blank\">Biographie mindfulness<\/a><\/p>\n\n\n\n<p class=\"wp-block-paragraph\"><a rel=\"noreferrer noopener\" aria-label=\"Article sur les capacit\u00e9s de gu\u00e9rison de la m\u00e9ditation (s\u2019ouvre dans un nouvel onglet)\" href=\"https:\/\/www.mieux-vivre-autrement.com\/les-capacites-de-guerison-de-la-meditation-validees-par-la-neuroscience.html?fbclid=IwAR0xUyzU4PZ6AwG_EPL5yB9KWhNgNZiBvZe5YfSCiN0kQRU8-91o7EovIiY\" target=\"_blank\">Article sur les capacit\u00e9s de gu\u00e9rison de la m\u00e9ditation<\/a><\/p>\n\n\n\n<p class=\"wp-block-paragraph\"><\/p>\n\n\n\n<p class=\"wp-block-paragraph\">Participation libre, sur inscription, nombre de participant.e.s limit\u00e9 \u00e0 dix.  <br>Vous pouvez vous inscrire en utilisant le <a href=\"https:\/\/gpuisegur.com\/?page_id=10\">formulaire de contact<\/a> .<\/p>\n","protected":false},"excerpt":{"rendered":"<p>Brest, samedi 20 juillet 2019, 14 \u00e0 16 h.Atelier 3 du cycle Respirer pour se lib\u00e9rer du stress, accro\u00eetre la clart\u00e9 mentale et prendre des d\u00e9cisions \u00e9clair\u00e9es&nbsp; Lors de cet atelier d\u2019environ deux heures, nous d\u00e9couvrirons en quoi consiste la m\u00e9ditation de pleine conscience (mindfulness) dans l\u2019esprit du NUMEN et la mani\u00e8re dont sa pratique &hellip; <a href=\"https:\/\/gpuisegur.com\/?p=1442\" class=\"more-link\">Continuer la lecture<span class=\"screen-reader-text\"> de &laquo;&nbsp;Numen mindfulness : acc\u00e9der \u00e0 une nouvelle dimension de conscience et s\u2019installer dans la paix active&nbsp;&raquo;<\/span><\/a><\/p>\n","protected":false},"author":1,"featured_media":0,"comment_status":"closed","ping_status":"open","sticky":false,"template":"","format":"standard","meta":{"footnotes":""},"categories":[6],"tags":[],"class_list":["post-1442","post","type-post","status-publish","format-standard","hentry","category-ateliers"],"_links":{"self":[{"href":"https:\/\/gpuisegur.com\/index.php?rest_route=\/wp\/v2\/posts\/1442","targetHints":{"allow":["GET"]}}],"collection":[{"href":"https:\/\/gpuisegur.com\/index.php?rest_route=\/wp\/v2\/posts"}],"about":[{"href":"https:\/\/gpuisegur.com\/index.php?rest_route=\/wp\/v2\/types\/post"}],"author":[{"embeddable":true,"href":"https:\/\/gpuisegur.com\/index.php?rest_route=\/wp\/v2\/users\/1"}],"replies":[{"embeddable":true,"href":"https:\/\/gpuisegur.com\/index.php?rest_route=%2Fwp%2Fv2%2Fcomments&post=1442"}],"version-history":[{"count":17,"href":"https:\/\/gpuisegur.com\/index.php?rest_route=\/wp\/v2\/posts\/1442\/revisions"}],"predecessor-version":[{"id":1687,"href":"https:\/\/gpuisegur.com\/index.php?rest_route=\/wp\/v2\/posts\/1442\/revisions\/1687"}],"wp:attachment":[{"href":"https:\/\/gpuisegur.com\/index.php?rest_route=%2Fwp%2Fv2%2Fmedia&parent=1442"}],"wp:term":[{"taxonomy":"category","embeddable":true,"href":"https:\/\/gpuisegur.com\/index.php?rest_route=%2Fwp%2Fv2%2Fcategories&post=1442"},{"taxonomy":"post_tag","embeddable":true,"href":"https:\/\/gpuisegur.com\/index.php?rest_route=%2Fwp%2Fv2%2Ftags&post=1442"}],"curies":[{"name":"wp","href":"https:\/\/api.w.org\/{rel}","templated":true}]}}